{"id":495,"date":"2012-10-06T14:46:17","date_gmt":"2012-10-06T12:46:17","guid":{"rendered":"http:\/\/balcells.cat\/?p=495"},"modified":"2018-02-04T20:19:31","modified_gmt":"2018-02-04T19:19:31","slug":"que-lhi-ha-passat-a-en-puyol-les-luxacions-de-colze-explicades","status":"publish","type":"post","link":"https:\/\/balcells.cat\/ca\/2012\/10\/que-lhi-ha-passat-a-en-puyol-les-luxacions-de-colze-explicades\/","title":{"rendered":"Qu\u00e8 l&#8217;hi ha passat a en Puyol ? Les luxacions de colze explicades."},"content":{"rendered":"<p><!--:CA--><\/p>\n<p>Aquesta setmana, l\u2019actualitat esportiva ha dut a les primeres planes dels mitjans de comunicaci\u00f3 arreu del m\u00f3n la lesi\u00f3 del colze d\u2019en Puyol, els fam\u00f3s jugador del Bar\u00e7a de f\u00fatbol.<\/p>\n<p>Aquest fet ha dut la Traumatologia a ocupar bona part de tert\u00falies i converses, despla\u00e7ant aix\u00ed temes m\u00e9s globals, com ara la crisi econ\u00f2mica i social, o \u201cel problema catal\u00e0\u201d , per exemple.<\/p>\n<p>Hem rebut moltes consultes, per curiositat o inter\u00e9s personal sobre la lesi\u00f3 d\u2019aquest jugador i el seu tractament. Donat l\u2019impacte medi\u00e0tic, hem pensat que una mica de difusi\u00f3 sobre aquestes lesions, no gaire infreq\u00fcents, podria ser de l\u2019inter\u00e9s dels nostres lectors.<\/p>\n<p>Sabem pels mitjans de comunicaci\u00f3 que en Puyol, ha patit una \u201cluxaci\u00f3 de colze\u201d i que seguir\u00e0 un \u201ctractament conservador\u201d. Poca cosa m\u00e9s ha transcedit, donada la rellev\u00e0ncia estrat\u00e8gica del personatge en l\u2019esquema del Bar\u00e7a, i les repercussions que la seva lesi\u00f3 pot tenir en el desenvolupament de la temporada. Deixant de banda el dret a la confidencialitat, aquest secretisme contrasta amb l\u2019allau d\u2019informaci\u00f3 que es va facil.litar en altres casos similars, com el d\u2019en Villa la temporada passada.<\/p>\n<p>&nbsp;<\/p>\n<p>Probablement aix\u00f2 s\u2019explica, pel fet que la medicina no \u00e9s una ci\u00e8ncia exacta, i que dins la medicina, la cirurgia encara ho \u00e9s menys, i dins la cirurgia, la Cirurgia Ortop\u00e8dica i Traumatol\u00f2gia encara ho \u00e9s molt menys. Les variables que estan implicades en un cas aix\u00ed, s\u00f3n moltes, i resulta molt complexe establir el millor cam\u00ed a prendre en el seu tractament. Probablement no \u00e9s gaire desencertat afirmar que el tractament s\u2019ha de fer a mida en cada cas.<\/p>\n<p>&nbsp;<\/p>\n<p>Mirem-ho: el colze \u00e9s una articulaci\u00f3 molt complexe. Hi intervenen tres \u00f2ssos: l\u2019h\u00famer, el radi i el c\u00fabit, molts lligaments, m\u00e9s de mitja dotzena de nervis i art\u00e8ries i en realitat est\u00e0 constitu\u00efda per tres articulacions, les dues de l\u2019h\u00famer amb el radi i el c\u00fabit i la del c\u00fabit i el radi entre ells.<\/p>\n<p>No cal que parli de l\u2019import\u00e0ncia de la mobilitat d\u2019aquesta articulaci\u00f3. Qualsevol que hagi portat un guix al bra\u00e7, sap com es tornen de dif\u00edcils activitats aparentment tan simples com menjar , pentinar-se (aquells que tinguin cabell \ud83d\ude09 \u00e9s clar) o vestir-se i rentar-se. Segur que en Puyol tindr\u00e0 molta gent disposada a ajudar-lo, per\u00f2 penseu un moment en l\u2019impacte que pot tenir la p\u00e8rdua de la funci\u00f3 del colze en, per exemple una persona d\u2019edat avan\u00e7ada que visqui sola\u2026<\/p>\n<p><img decoding=\"async\" loading=\"lazy\" class=\"alignleft  wp-image-1590\" src=\"http:\/\/balcells.cat\/wp-content\/uploads\/2012\/10\/luxaci\u00f3-colze.jpg\" alt=\"\" width=\"214\" height=\"270\" srcset=\"https:\/\/balcells.cat\/wp-content\/uploads\/2012\/10\/luxaci\u00f3-colze.jpg 812w, https:\/\/balcells.cat\/wp-content\/uploads\/2012\/10\/luxaci\u00f3-colze-238x300.jpg 238w, https:\/\/balcells.cat\/wp-content\/uploads\/2012\/10\/luxaci\u00f3-colze-768x969.jpg 768w, https:\/\/balcells.cat\/wp-content\/uploads\/2012\/10\/luxaci\u00f3-colze-559x705.jpg 559w, https:\/\/balcells.cat\/wp-content\/uploads\/2012\/10\/luxaci\u00f3-colze-450x567.jpg 450w\" sizes=\"(max-width: 214px) 100vw, 214px\" \/>Cada any hi ha 5 casos de luxaci\u00f3 del colze per cada 100.000 habitants, i aproximadament la meitat d\u2019aquests casos s\u00f3n \u201cluxacions pures\u201d, \u00e9s a dir no s\u2019hi afegeix la fractura de cap dels ossos implicats.<\/p>\n<p>Hem de suposar que aquesta ha estat la lesi\u00f3 de\u2019n Puyol, perqu\u00e8 si hi hagu\u00e9s hagut alguna fractura \u00f2ssia, el m\u00e9s probable \u00e9s que hagu\u00e9s passat per quir\u00f2fan.<\/p>\n<p>Una vegada fet el diagn\u00f2stic, quin \u00e9s el millor m\u00e8tode de tractament d\u2019aquesta lesi\u00f3? Doncs b\u00e9, segurament us sorprendr\u00e0 saber que no hi ha evid\u00e8ncia suficientment robusta que permeti afirmar que un m\u00e8tode de tractament t\u00e9 millors resultats que un altre a llarg terme. A m\u00e9s, hi ha pocs estudis correctes que adrecin adequadament aquesta pregunta. Potser el tema no interessa massa als investigadors? Potser amb l\u2019impacte medi\u00e0tic que hi ha hagut aix\u00f2 canvi\u00ef? Ho dubto\u2026<\/p>\n<p>Si arriveu amb una lesi\u00f3 similar al Departament d\u2019Urg\u00e8ncies d\u2019un Hospital del m\u00f3n Occidental, el m\u00e9s segur \u00e9s que abans que res, us facin una radiografia, es confirmi el tipus de lesi\u00f3 i seguidament, sense perdre massa temps, us posin el colze al seu lloc.<\/p>\n<p>&nbsp;<\/p>\n<p>Seguidament, us la immbilitzaran, probablement amb un guix, i us enviaran a casa amb la recomanaci\u00f3 de visitar un especialista pel seguiment de la lesi\u00f3.<\/p>\n<p>Us trobareu, que a partir d\u2019aques punt, la forma de tractar la luxaci\u00f3 pot variar segons l\u2019especialista que visiteu. Alg\u00fa conservar\u00e0 el guix unes tres setmanes, i altres el trauran i recomanaran iniciar RHB tant aviat com les mol\u00e8sties ho permetin. En tot cas no hi ha evid\u00e8ncia, com d\u00e8ia, que a llarg terme cap dels dos m\u00e8todes sigui superior a l\u2019altre. El que si que se sap, \u00e9s que amb la mobilitzaci\u00f3 r\u00e0pida, la recuparaci\u00f3 de la mobilitat de l\u2019articulaci\u00f3 es produeix abans.<\/p>\n<p>Pot tenir conseq\u00fc\u00e8ncies a llarg terme, una luxaci\u00f3 de colze? Probablement si. Sigui quin sigui el m\u00e8tode de tractament, \u00e9s probable que es perdin alguns graus tant de flexi\u00f3 com d\u2019extensi\u00f3 per\u00f2 habitualment aquestes p\u00e8rdues no es tradueixen en disminuci\u00f3 de la capacitat funcional del bra\u00e7, \u00e9s a dir, que el pacient pot tornar a fer \u201cvida normal\u201d ( tant \u201cnormal\u201d com la seva vida fos abans de la lesi\u00f3, \u00e9s clar\u2026). En alguns casos, una minoria, pot quedar una inestabilitat deguda a que algun lligament lateral no ha pogut recuperar la seva funci\u00f3 estabilitzadora, i despr\u00e9s s\u2019ha de plantejar la intervenci\u00f3 quir\u00fargica. Per\u00f2 com dic, s\u00f3n una minoria de casos, i en tot cas, figues d\u2019un altre paner\u2026<br \/>\n<!--:--><\/p>\n","protected":false},"excerpt":{"rendered":"<p>Aquesta setmana, l\u2019actualitat esportiva ha dut a les primeres planes dels mitjans de comunicaci\u00f3 arreu del m\u00f3n la lesi\u00f3 del colze d\u2019en Puyol, els fam\u00f3s jugador del Bar\u00e7a de f\u00fatbol. Aquest fet ha dut la Traumatologia a ocupar bona part de tert\u00falies i converses, despla\u00e7ant aix\u00ed temes m\u00e9s globals, com ara la crisi econ\u00f2mica i [&hellip;]<\/p>\n","protected":false},"author":3,"featured_media":496,"comment_status":"closed","ping_status":"open","sticky":false,"template":"","format":"standard","meta":[],"categories":[11],"tags":[15,14],"yoast_head":"<!-- This site is optimized with the Yoast SEO plugin v21.8 - https:\/\/yoast.com\/wordpress\/plugins\/seo\/ -->\n<title>Puyol. Luxaci\u00f3 de colze<\/title>\n<meta name=\"description\" content=\"Puyol. Luxaci\u00f3 de colze. Tractament luxaci\u00f3 de colze\" \/>\n<meta name=\"robots\" content=\"index, follow, max-snippet:-1, max-image-preview:large, max-video-preview:-1\" \/>\n<link rel=\"canonical\" href=\"https:\/\/balcells.cat\/ca\/2012\/10\/que-lhi-ha-passat-a-en-puyol-les-luxacions-de-colze-explicades\/\" \/>\n<meta property=\"og:locale\" content=\"ca_ES\" \/>\n<meta property=\"og:type\" content=\"article\" \/>\n<meta property=\"og:title\" content=\"Puyol. Luxaci\u00f3 de colze\" \/>\n<meta property=\"og:description\" content=\"Puyol. Luxaci\u00f3 de colze. Tractament luxaci\u00f3 de colze\" \/>\n<meta property=\"og:url\" content=\"https:\/\/balcells.cat\/ca\/2012\/10\/que-lhi-ha-passat-a-en-puyol-les-luxacions-de-colze-explicades\/\" \/>\n<meta property=\"og:site_name\" content=\"Balcells.cat\" \/>\n<meta property=\"article:publisher\" content=\"https:\/\/www.facebook.com\/BalcellsCentreTraumatologiaiFisioterapia\/\" \/>\n<meta property=\"article:published_time\" content=\"2012-10-06T12:46:17+00:00\" \/>\n<meta property=\"article:modified_time\" content=\"2018-02-04T19:19:31+00:00\" \/>\n<meta property=\"og:image\" content=\"https:\/\/balcells.cat\/wp-content\/uploads\/2012\/10\/carles-puyol-lesion-codo-champions-league-benfica1.jpg\" \/>\n\t<meta property=\"og:image:width\" content=\"500\" \/>\n\t<meta property=\"og:image:height\" content=\"262\" \/>\n\t<meta property=\"og:image:type\" content=\"image\/jpeg\" \/>\n<meta name=\"author\" content=\"Dr Eudald Balcells\" \/>\n<meta name=\"twitter:label1\" content=\"Escrit per\" \/>\n\t<meta name=\"twitter:data1\" content=\"Dr Eudald Balcells\" \/>\n\t<meta name=\"twitter:label2\" content=\"Temps estimat de lectura\" \/>\n\t<meta name=\"twitter:data2\" content=\"4 minuts\" \/>\n<script type=\"application\/ld+json\" class=\"yoast-schema-graph\">{\"@context\":\"https:\/\/schema.org\",\"@graph\":[{\"@type\":\"WebPage\",\"@id\":\"https:\/\/balcells.cat\/2012\/10\/que-lhi-ha-passat-a-en-puyol-les-luxacions-de-colze-explicades\/\",\"url\":\"https:\/\/balcells.cat\/2012\/10\/que-lhi-ha-passat-a-en-puyol-les-luxacions-de-colze-explicades\/\",\"name\":\"Puyol. Luxaci\u00f3 de colze\",\"isPartOf\":{\"@id\":\"https:\/\/balcells.cat\/#website\"},\"datePublished\":\"2012-10-06T12:46:17+00:00\",\"dateModified\":\"2018-02-04T19:19:31+00:00\",\"author\":{\"@id\":\"https:\/\/balcells.cat\/#\/schema\/person\/4b6e8b9ed3cc0b9306647d28b40e209c\"},\"description\":\"Puyol. Luxaci\u00f3 de colze. Tractament luxaci\u00f3 de colze\",\"inLanguage\":\"ca\",\"potentialAction\":[{\"@type\":\"ReadAction\",\"target\":[\"https:\/\/balcells.cat\/2012\/10\/que-lhi-ha-passat-a-en-puyol-les-luxacions-de-colze-explicades\/\"]}]},{\"@type\":\"WebSite\",\"@id\":\"https:\/\/balcells.cat\/#website\",\"url\":\"https:\/\/balcells.cat\/\",\"name\":\"Balcells.cat\",\"description\":\"Centre de Traumatologia i Fisioter\u00e0pia\",\"potentialAction\":[{\"@type\":\"SearchAction\",\"target\":{\"@type\":\"EntryPoint\",\"urlTemplate\":\"https:\/\/balcells.cat\/?s={search_term_string}\"},\"query-input\":\"required name=search_term_string\"}],\"inLanguage\":\"ca\"},{\"@type\":\"Person\",\"@id\":\"https:\/\/balcells.cat\/#\/schema\/person\/4b6e8b9ed3cc0b9306647d28b40e209c\",\"name\":\"Dr Eudald Balcells\",\"image\":{\"@type\":\"ImageObject\",\"inLanguage\":\"ca\",\"@id\":\"https:\/\/balcells.cat\/#\/schema\/person\/image\/\",\"url\":\"https:\/\/secure.gravatar.com\/avatar\/9049327ba8871d9328e2bae0a9ca8fd9?s=96&d=mm&r=g\",\"contentUrl\":\"https:\/\/secure.gravatar.com\/avatar\/9049327ba8871d9328e2bae0a9ca8fd9?s=96&d=mm&r=g\",\"caption\":\"Dr Eudald Balcells\"},\"sameAs\":[\"http:\/\/balcells.cat\"],\"url\":\"https:\/\/balcells.cat\/ca\/author\/eudald\/\"}]}<\/script>\n<!-- \/ Yoast SEO plugin. -->","yoast_head_json":{"title":"Puyol. Luxaci\u00f3 de colze","description":"Puyol. Luxaci\u00f3 de colze. Tractament luxaci\u00f3 de colze","robots":{"index":"index","follow":"follow","max-snippet":"max-snippet:-1","max-image-preview":"max-image-preview:large","max-video-preview":"max-video-preview:-1"},"canonical":"https:\/\/balcells.cat\/ca\/2012\/10\/que-lhi-ha-passat-a-en-puyol-les-luxacions-de-colze-explicades\/","og_locale":"ca_ES","og_type":"article","og_title":"Puyol. Luxaci\u00f3 de colze","og_description":"Puyol. Luxaci\u00f3 de colze. Tractament luxaci\u00f3 de colze","og_url":"https:\/\/balcells.cat\/ca\/2012\/10\/que-lhi-ha-passat-a-en-puyol-les-luxacions-de-colze-explicades\/","og_site_name":"Balcells.cat","article_publisher":"https:\/\/www.facebook.com\/BalcellsCentreTraumatologiaiFisioterapia\/","article_published_time":"2012-10-06T12:46:17+00:00","article_modified_time":"2018-02-04T19:19:31+00:00","og_image":[{"width":"500","height":"262","url":"https:\/\/balcells.cat\/wp-content\/uploads\/2012\/10\/carles-puyol-lesion-codo-champions-league-benfica1.jpg","type":"image\/jpeg"}],"author":"Dr Eudald Balcells","twitter_misc":{"Escrit per":"Dr Eudald Balcells","Temps estimat de lectura":"4 minuts"},"schema":{"@context":"https:\/\/schema.org","@graph":[{"@type":"WebPage","@id":"https:\/\/balcells.cat\/2012\/10\/que-lhi-ha-passat-a-en-puyol-les-luxacions-de-colze-explicades\/","url":"https:\/\/balcells.cat\/2012\/10\/que-lhi-ha-passat-a-en-puyol-les-luxacions-de-colze-explicades\/","name":"Puyol. Luxaci\u00f3 de colze","isPartOf":{"@id":"https:\/\/balcells.cat\/#website"},"datePublished":"2012-10-06T12:46:17+00:00","dateModified":"2018-02-04T19:19:31+00:00","author":{"@id":"https:\/\/balcells.cat\/#\/schema\/person\/4b6e8b9ed3cc0b9306647d28b40e209c"},"description":"Puyol. Luxaci\u00f3 de colze. Tractament luxaci\u00f3 de colze","inLanguage":"ca","potentialAction":[{"@type":"ReadAction","target":["https:\/\/balcells.cat\/2012\/10\/que-lhi-ha-passat-a-en-puyol-les-luxacions-de-colze-explicades\/"]}]},{"@type":"WebSite","@id":"https:\/\/balcells.cat\/#website","url":"https:\/\/balcells.cat\/","name":"Balcells.cat","description":"Centre de Traumatologia i Fisioter\u00e0pia","potentialAction":[{"@type":"SearchAction","target":{"@type":"EntryPoint","urlTemplate":"https:\/\/balcells.cat\/?s={search_term_string}"},"query-input":"required name=search_term_string"}],"inLanguage":"ca"},{"@type":"Person","@id":"https:\/\/balcells.cat\/#\/schema\/person\/4b6e8b9ed3cc0b9306647d28b40e209c","name":"Dr Eudald Balcells","image":{"@type":"ImageObject","inLanguage":"ca","@id":"https:\/\/balcells.cat\/#\/schema\/person\/image\/","url":"https:\/\/secure.gravatar.com\/avatar\/9049327ba8871d9328e2bae0a9ca8fd9?s=96&d=mm&r=g","contentUrl":"https:\/\/secure.gravatar.com\/avatar\/9049327ba8871d9328e2bae0a9ca8fd9?s=96&d=mm&r=g","caption":"Dr Eudald Balcells"},"sameAs":["http:\/\/balcells.cat"],"url":"https:\/\/balcells.cat\/ca\/author\/eudald\/"}]}},"_links":{"self":[{"href":"https:\/\/balcells.cat\/ca\/wp-json\/wp\/v2\/posts\/495"}],"collection":[{"href":"https:\/\/balcells.cat\/ca\/wp-json\/wp\/v2\/posts"}],"about":[{"href":"https:\/\/balcells.cat\/ca\/wp-json\/wp\/v2\/types\/post"}],"author":[{"embeddable":true,"href":"https:\/\/balcells.cat\/ca\/wp-json\/wp\/v2\/users\/3"}],"replies":[{"embeddable":true,"href":"https:\/\/balcells.cat\/ca\/wp-json\/wp\/v2\/comments?post=495"}],"version-history":[{"count":0,"href":"https:\/\/balcells.cat\/ca\/wp-json\/wp\/v2\/posts\/495\/revisions"}],"wp:featuredmedia":[{"embeddable":true,"href":"https:\/\/balcells.cat\/ca\/wp-json\/wp\/v2\/media\/496"}],"wp:attachment":[{"href":"https:\/\/balcells.cat\/ca\/wp-json\/wp\/v2\/media?parent=495"}],"wp:term":[{"taxonomy":"category","embeddable":true,"href":"https:\/\/balcells.cat\/ca\/wp-json\/wp\/v2\/categories?post=495"},{"taxonomy":"post_tag","embeddable":true,"href":"https:\/\/balcells.cat\/ca\/wp-json\/wp\/v2\/tags?post=495"}],"curies":[{"name":"wp","href":"https:\/\/api.w.org\/{rel}","templated":true}]}}