{"id":492,"date":"2012-09-17T19:54:27","date_gmt":"2012-09-17T17:54:27","guid":{"rendered":"http:\/\/balcells.cat\/?p=492"},"modified":"2018-01-21T21:25:07","modified_gmt":"2018-01-21T20:25:07","slug":"els-factors-de-creixement-acceleren-la-curacio-de-les-lesions-al-tendo-daquil-les","status":"publish","type":"post","link":"https:\/\/balcells.cat\/es\/2012\/09\/els-factors-de-creixement-acceleren-la-curacio-de-les-lesions-al-tendo-daquil-les\/","title":{"rendered":"Els factors de creixement acceleren la curaci\u00f3 de les lesions al tend\u00f3 d&#8217;Aquil.les"},"content":{"rendered":"<p><!--:CA--><\/p>\n<p>Al Congr\u00e9s de l&#8217;Associaci\u00f3 Brit\u00e0nica de Cirurgia Ortop\u00e8dica i Traumatologia (BOA)\u00a0celebrat \u00a0la setmana passada, s&#8217;han presentat els resultats d&#8217;un estudi control.lat que mostren evid\u00e8ncia que els Factors de Creixement Plaquetari acceleren la curaci\u00f3 de les lesions al tend\u00f3 d&#8217;Aquil.les.<\/p>\n<p>Ho trobareu explicat aqu\u00ed : <a href=\"http:\/\/is.gd\/YrV7rP\">http:\/\/is.gd\/YrV7rP<\/a><\/p>\n<p><img decoding=\"async\" loading=\"lazy\" class=\"alignright size-full wp-image-640\" alt=\"Factors de creixement\" src=\"http:\/\/balcells.cat\/wp-content\/uploads\/2013\/03\/platelet_rich_plasma_0-large.png\" width=\"400\" height=\"370\" srcset=\"https:\/\/balcells.cat\/wp-content\/uploads\/2013\/03\/platelet_rich_plasma_0-large.png 400w, https:\/\/balcells.cat\/wp-content\/uploads\/2013\/03\/platelet_rich_plasma_0-large-300x277.png 300w, https:\/\/balcells.cat\/wp-content\/uploads\/2013\/03\/platelet_rich_plasma_0-large-162x150.png 162w\" sizes=\"(max-width: 400px) 100vw, 400px\" \/><\/p>\n<p>La Ter\u00e0pia amb factors de creixement va acumulant evid\u00e8ncia de la seva efic\u00e0cia en diversos procesos de l&#8217;aparell locomotor, entre ells les lesions lligamentoses i tendinoses.<\/p>\n<p>A Balcells Centre de Traumatologia i Fisioter\u00e0pia acumulem experi\u00e8ncia en el seu us.<\/p>\n<p>L&#8217;aplicaci\u00f3 de la Ter\u00e0pia es pot fer c\u00f2modament a la consulta: <a href=\"\/es\/?page_id=203\">http:\/\/balcells.cat\/serveis\/traumatologia\/factors-de-creixement\/<\/a><\/p>\n<p>&nbsp;<\/p>\n<p>&nbsp;<\/p>\n<p><!--:--><\/p>","protected":false},"excerpt":{"rendered":"<p>Al Congr\u00e9s de l&#8217;Associaci\u00f3 Brit\u00e0nica de Cirurgia Ortop\u00e8dica i Traumatologia (BOA)\u00a0celebrat \u00a0la setmana passada, s&#8217;han presentat els resultats d&#8217;un estudi control.lat que mostren evid\u00e8ncia que els Factors de Creixement Plaquetari acceleren la curaci\u00f3 de les lesions al tend\u00f3 d&#8217;Aquil.les. Ho trobareu explicat aqu\u00ed : http:\/\/is.gd\/YrV7rP La Ter\u00e0pia amb factors de creixement va acumulant evid\u00e8ncia de [&hellip;]<\/p>","protected":false},"author":3,"featured_media":640,"comment_status":"closed","ping_status":"open","sticky":false,"template":"","format":"standard","meta":[],"categories":[11],"tags":[15],"yoast_head":"<!-- This site is optimized with the Yoast SEO plugin v21.8 - https:\/\/yoast.com\/wordpress\/plugins\/seo\/ -->\n<title>Els factors de creixement acceleren la curaci\u00f3 de les lesions al tend\u00f3 d&#039;Aquil.les - Balcells.cat<\/title>\n<meta name=\"robots\" content=\"index, follow, max-snippet:-1, max-image-preview:large, max-video-preview:-1\" \/>\n<link rel=\"canonical\" href=\"https:\/\/balcells.cat\/es\/2012\/09\/els-factors-de-creixement-acceleren-la-curacio-de-les-lesions-al-tendo-daquil-les\/\" \/>\n<meta property=\"og:locale\" content=\"es_ES\" \/>\n<meta property=\"og:type\" content=\"article\" \/>\n<meta property=\"og:title\" content=\"Els factors de creixement acceleren la curaci\u00f3 de les lesions al tend\u00f3 d&#039;Aquil.les - Balcells.cat\" \/>\n<meta property=\"og:description\" content=\"Al Congr\u00e9s de l&#8217;Associaci\u00f3 Brit\u00e0nica de Cirurgia Ortop\u00e8dica i Traumatologia (BOA)\u00a0celebrat \u00a0la setmana passada, s&#8217;han presentat els resultats d&#8217;un estudi control.lat que mostren evid\u00e8ncia que els Factors de Creixement Plaquetari acceleren la curaci\u00f3 de les lesions al tend\u00f3 d&#8217;Aquil.les. Ho trobareu explicat aqu\u00ed : http:\/\/is.gd\/YrV7rP La Ter\u00e0pia amb factors de creixement va acumulant evid\u00e8ncia de [&hellip;]\" \/>\n<meta property=\"og:url\" content=\"https:\/\/balcells.cat\/es\/2012\/09\/els-factors-de-creixement-acceleren-la-curacio-de-les-lesions-al-tendo-daquil-les\/\" \/>\n<meta property=\"og:site_name\" content=\"Balcells.cat\" \/>\n<meta property=\"article:publisher\" content=\"https:\/\/www.facebook.com\/BalcellsCentreTraumatologiaiFisioterapia\/\" \/>\n<meta property=\"article:published_time\" content=\"2012-09-17T17:54:27+00:00\" \/>\n<meta property=\"article:modified_time\" content=\"2018-01-21T20:25:07+00:00\" \/>\n<meta property=\"og:image\" content=\"https:\/\/balcells.cat\/wp-content\/uploads\/2013\/03\/platelet_rich_plasma_0-large.png\" \/>\n\t<meta property=\"og:image:width\" content=\"400\" \/>\n\t<meta property=\"og:image:height\" content=\"370\" \/>\n\t<meta property=\"og:image:type\" content=\"image\/png\" \/>\n<meta name=\"author\" content=\"Dr Eudald Balcells\" \/>\n<meta name=\"twitter:label1\" content=\"Escrito por\" \/>\n\t<meta name=\"twitter:data1\" content=\"Dr Eudald Balcells\" \/>\n\t<meta name=\"twitter:label2\" content=\"Tiempo de lectura\" \/>\n\t<meta name=\"twitter:data2\" content=\"1 minuto\" \/>\n<script type=\"application\/ld+json\" class=\"yoast-schema-graph\">{\"@context\":\"https:\/\/schema.org\",\"@graph\":[{\"@type\":\"WebPage\",\"@id\":\"https:\/\/balcells.cat\/2012\/09\/els-factors-de-creixement-acceleren-la-curacio-de-les-lesions-al-tendo-daquil-les\/\",\"url\":\"https:\/\/balcells.cat\/2012\/09\/els-factors-de-creixement-acceleren-la-curacio-de-les-lesions-al-tendo-daquil-les\/\",\"name\":\"Els factors de creixement acceleren la curaci\u00f3 de les lesions al tend\u00f3 d'Aquil.les - Balcells.cat\",\"isPartOf\":{\"@id\":\"https:\/\/balcells.cat\/#website\"},\"datePublished\":\"2012-09-17T17:54:27+00:00\",\"dateModified\":\"2018-01-21T20:25:07+00:00\",\"author\":{\"@id\":\"https:\/\/balcells.cat\/#\/schema\/person\/4b6e8b9ed3cc0b9306647d28b40e209c\"},\"inLanguage\":\"es\",\"potentialAction\":[{\"@type\":\"ReadAction\",\"target\":[\"https:\/\/balcells.cat\/2012\/09\/els-factors-de-creixement-acceleren-la-curacio-de-les-lesions-al-tendo-daquil-les\/\"]}]},{\"@type\":\"WebSite\",\"@id\":\"https:\/\/balcells.cat\/#website\",\"url\":\"https:\/\/balcells.cat\/\",\"name\":\"Balcells.cat\",\"description\":\"Centre de Traumatologia i Fisioter\u00e0pia\",\"potentialAction\":[{\"@type\":\"SearchAction\",\"target\":{\"@type\":\"EntryPoint\",\"urlTemplate\":\"https:\/\/balcells.cat\/?s={search_term_string}\"},\"query-input\":\"required name=search_term_string\"}],\"inLanguage\":\"es\"},{\"@type\":\"Person\",\"@id\":\"https:\/\/balcells.cat\/#\/schema\/person\/4b6e8b9ed3cc0b9306647d28b40e209c\",\"name\":\"Dr Eudald Balcells\",\"image\":{\"@type\":\"ImageObject\",\"inLanguage\":\"es\",\"@id\":\"https:\/\/balcells.cat\/#\/schema\/person\/image\/\",\"url\":\"https:\/\/secure.gravatar.com\/avatar\/9049327ba8871d9328e2bae0a9ca8fd9?s=96&d=mm&r=g\",\"contentUrl\":\"https:\/\/secure.gravatar.com\/avatar\/9049327ba8871d9328e2bae0a9ca8fd9?s=96&d=mm&r=g\",\"caption\":\"Dr Eudald Balcells\"},\"sameAs\":[\"http:\/\/balcells.cat\"],\"url\":\"https:\/\/balcells.cat\/es\/author\/eudald\/\"}]}<\/script>\n<!-- \/ Yoast SEO plugin. -->","yoast_head_json":{"title":"Els factors de creixement acceleren la curaci\u00f3 de les lesions al tend\u00f3 d'Aquil.les - Balcells.cat","robots":{"index":"index","follow":"follow","max-snippet":"max-snippet:-1","max-image-preview":"max-image-preview:large","max-video-preview":"max-video-preview:-1"},"canonical":"https:\/\/balcells.cat\/es\/2012\/09\/els-factors-de-creixement-acceleren-la-curacio-de-les-lesions-al-tendo-daquil-les\/","og_locale":"es_ES","og_type":"article","og_title":"Els factors de creixement acceleren la curaci\u00f3 de les lesions al tend\u00f3 d'Aquil.les - Balcells.cat","og_description":"Al Congr\u00e9s de l&#8217;Associaci\u00f3 Brit\u00e0nica de Cirurgia Ortop\u00e8dica i Traumatologia (BOA)\u00a0celebrat \u00a0la setmana passada, s&#8217;han presentat els resultats d&#8217;un estudi control.lat que mostren evid\u00e8ncia que els Factors de Creixement Plaquetari acceleren la curaci\u00f3 de les lesions al tend\u00f3 d&#8217;Aquil.les. Ho trobareu explicat aqu\u00ed : http:\/\/is.gd\/YrV7rP La Ter\u00e0pia amb factors de creixement va acumulant evid\u00e8ncia de [&hellip;]","og_url":"https:\/\/balcells.cat\/es\/2012\/09\/els-factors-de-creixement-acceleren-la-curacio-de-les-lesions-al-tendo-daquil-les\/","og_site_name":"Balcells.cat","article_publisher":"https:\/\/www.facebook.com\/BalcellsCentreTraumatologiaiFisioterapia\/","article_published_time":"2012-09-17T17:54:27+00:00","article_modified_time":"2018-01-21T20:25:07+00:00","og_image":[{"width":400,"height":370,"url":"https:\/\/balcells.cat\/wp-content\/uploads\/2013\/03\/platelet_rich_plasma_0-large.png","type":"image\/png"}],"author":"Dr Eudald Balcells","twitter_misc":{"Escrito por":"Dr Eudald Balcells","Tiempo de lectura":"1 minuto"},"schema":{"@context":"https:\/\/schema.org","@graph":[{"@type":"WebPage","@id":"https:\/\/balcells.cat\/2012\/09\/els-factors-de-creixement-acceleren-la-curacio-de-les-lesions-al-tendo-daquil-les\/","url":"https:\/\/balcells.cat\/2012\/09\/els-factors-de-creixement-acceleren-la-curacio-de-les-lesions-al-tendo-daquil-les\/","name":"Els factors de creixement acceleren la curaci\u00f3 de les lesions al tend\u00f3 d'Aquil.les - Balcells.cat","isPartOf":{"@id":"https:\/\/balcells.cat\/#website"},"datePublished":"2012-09-17T17:54:27+00:00","dateModified":"2018-01-21T20:25:07+00:00","author":{"@id":"https:\/\/balcells.cat\/#\/schema\/person\/4b6e8b9ed3cc0b9306647d28b40e209c"},"inLanguage":"es","potentialAction":[{"@type":"ReadAction","target":["https:\/\/balcells.cat\/2012\/09\/els-factors-de-creixement-acceleren-la-curacio-de-les-lesions-al-tendo-daquil-les\/"]}]},{"@type":"WebSite","@id":"https:\/\/balcells.cat\/#website","url":"https:\/\/balcells.cat\/","name":"Balcells.cat","description":"Centre de Traumatologia i Fisioter\u00e0pia","potentialAction":[{"@type":"SearchAction","target":{"@type":"EntryPoint","urlTemplate":"https:\/\/balcells.cat\/?s={search_term_string}"},"query-input":"required name=search_term_string"}],"inLanguage":"es"},{"@type":"Person","@id":"https:\/\/balcells.cat\/#\/schema\/person\/4b6e8b9ed3cc0b9306647d28b40e209c","name":"Dr Eudald Balcells","image":{"@type":"ImageObject","inLanguage":"es","@id":"https:\/\/balcells.cat\/#\/schema\/person\/image\/","url":"https:\/\/secure.gravatar.com\/avatar\/9049327ba8871d9328e2bae0a9ca8fd9?s=96&d=mm&r=g","contentUrl":"https:\/\/secure.gravatar.com\/avatar\/9049327ba8871d9328e2bae0a9ca8fd9?s=96&d=mm&r=g","caption":"Dr Eudald Balcells"},"sameAs":["http:\/\/balcells.cat"],"url":"https:\/\/balcells.cat\/es\/author\/eudald\/"}]}},"_links":{"self":[{"href":"https:\/\/balcells.cat\/es\/wp-json\/wp\/v2\/posts\/492"}],"collection":[{"href":"https:\/\/balcells.cat\/es\/wp-json\/wp\/v2\/posts"}],"about":[{"href":"https:\/\/balcells.cat\/es\/wp-json\/wp\/v2\/types\/post"}],"author":[{"embeddable":true,"href":"https:\/\/balcells.cat\/es\/wp-json\/wp\/v2\/users\/3"}],"replies":[{"embeddable":true,"href":"https:\/\/balcells.cat\/es\/wp-json\/wp\/v2\/comments?post=492"}],"version-history":[{"count":0,"href":"https:\/\/balcells.cat\/es\/wp-json\/wp\/v2\/posts\/492\/revisions"}],"wp:featuredmedia":[{"embeddable":true,"href":"https:\/\/balcells.cat\/es\/wp-json\/wp\/v2\/media\/640"}],"wp:attachment":[{"href":"https:\/\/balcells.cat\/es\/wp-json\/wp\/v2\/media?parent=492"}],"wp:term":[{"taxonomy":"category","embeddable":true,"href":"https:\/\/balcells.cat\/es\/wp-json\/wp\/v2\/categories?post=492"},{"taxonomy":"post_tag","embeddable":true,"href":"https:\/\/balcells.cat\/es\/wp-json\/wp\/v2\/tags?post=492"}],"curies":[{"name":"wp","href":"https:\/\/api.w.org\/{rel}","templated":true}]}}